{"id":1183,"date":"2017-05-04T12:01:11","date_gmt":"2017-05-04T10:01:11","guid":{"rendered":"https:\/\/www.iteanu.law\/?p=1183"},"modified":"2018-05-07T09:37:49","modified_gmt":"2018-05-07T07:37:49","slug":"entretien-dolivier-iteanu-au-sujet-de-cloud-independence-day-dans-sd-magazine","status":"publish","type":"post","link":"https:\/\/www.iteanu.law\/en\/entretien-dolivier-iteanu-au-sujet-de-cloud-independence-day-dans-sd-magazine\/","title":{"rendered":"Entretien d\u2019Olivier Iteanu au sujet de Cloud Independence Day dans S&#038;D Magazine &#8211; mai 2017"},"content":{"rendered":"<p class=\"qtranxs-available-languages-message qtranxs-available-languages-message-en\">Sorry, this entry is only available in <a href=\"https:\/\/www.iteanu.law\/fr\/wp-json\/wp\/v2\/posts\/1183\" class=\"qtranxs-available-language-link qtranxs-available-language-link-fr\" title=\"FR\">FR<\/a>. For the sake of viewer convenience, the content is shown below in the alternative language. You may click the link to switch the active language.<\/p><p><\/p>\n<div class=\"\">\n<header class=\"entry-header clearfix\">\n<p class=\"entry-title\"><em>Le 6 juin prochain se tiendra le Cloud Independance Day \u00e0 Paris. Avec pour titre \u00ab\u00a0En route vers mai 2018\u00a0\u00bb, l\u2019\u00e9v\u00e8nement s\u2019annonce pour cette 3e \u00e9dition, un\u00a0RDV incontournable, attendu et riche en interventions et t\u00e9moignages.<\/em><\/p>\n<\/header>\n<\/div>\n<div class=\"\"><strong>Rencontre avec Olivier Iteanu, Avocat, Vice-Pr\u00e9sident de Cloud Confidence (organisateur de l\u2019\u00e9v\u00e8nement).<\/strong><\/div>\n<div class=\"\"><strong>\u2013 Quels sont les enjeux de\u00a0cette 3e \u00e9dition du Cloud Independance Day ?<\/strong><\/div>\n<p>C\u2019est effectivement la troisi\u00e8me \u00e9dition de cette Cloud Independence Day et nous revenons \u00e0 nos premiers amours, l\u2019\u00e9cole militaire de Paris et son splendide site au centre de Paris.<\/p>\n<p>&nbsp;<\/p>\n<p><a href=\"http:\/\/www.cloudconfidence.eu\/fr\/le-point-sur-cloud-independence-day-par-olivier-iteanu-dans-sd-magazine\/\">Suite<\/a><\/p>","protected":false},"excerpt":{"rendered":"<p>Sorry, this entry is only available in FR. For the sake of viewer convenience, the content is shown below in the alternative language. You may click the link to switch the active language. Le 6 juin prochain se tiendra le Cloud Independance Day \u00e0 Paris. Avec pour titre \u00ab\u00a0En route vers mai 2018\u00a0\u00bb, l\u2019\u00e9v\u00e8nement s\u2019annonce [&hellip;]<\/p>\n","protected":false},"author":3,"featured_media":0,"comment_status":"closed","ping_status":"closed","sticky":false,"template":"","format":"standard","meta":{"footnotes":""},"categories":[12],"tags":[],"class_list":["post-1183","post","type-post","status-publish","format-standard","hentry","category-revue-de-presse"],"acf":[],"_links":{"self":[{"href":"https:\/\/www.iteanu.law\/en\/wp-json\/wp\/v2\/posts\/1183","targetHints":{"allow":["GET"]}}],"collection":[{"href":"https:\/\/www.iteanu.law\/en\/wp-json\/wp\/v2\/posts"}],"about":[{"href":"https:\/\/www.iteanu.law\/en\/wp-json\/wp\/v2\/types\/post"}],"author":[{"embeddable":true,"href":"https:\/\/www.iteanu.law\/en\/wp-json\/wp\/v2\/users\/3"}],"replies":[{"embeddable":true,"href":"https:\/\/www.iteanu.law\/en\/wp-json\/wp\/v2\/comments?post=1183"}],"version-history":[{"count":3,"href":"https:\/\/www.iteanu.law\/en\/wp-json\/wp\/v2\/posts\/1183\/revisions"}],"predecessor-version":[{"id":1213,"href":"https:\/\/www.iteanu.law\/en\/wp-json\/wp\/v2\/posts\/1183\/revisions\/1213"}],"wp:attachment":[{"href":"https:\/\/www.iteanu.law\/en\/wp-json\/wp\/v2\/media?parent=1183"}],"wp:term":[{"taxonomy":"category","embeddable":true,"href":"https:\/\/www.iteanu.law\/en\/wp-json\/wp\/v2\/categories?post=1183"},{"taxonomy":"post_tag","embeddable":true,"href":"https:\/\/www.iteanu.law\/en\/wp-json\/wp\/v2\/tags?post=1183"}],"curies":[{"name":"wp","href":"https:\/\/api.w.org\/{rel}","templated":true}]}}