{"id":118,"date":"2016-03-13T13:24:33","date_gmt":"2016-03-13T12:24:33","guid":{"rendered":"https:\/\/www.iteanu.law\/?post_type=actualites&#038;p=118"},"modified":"2016-11-22T13:28:38","modified_gmt":"2016-11-22T12:28:38","slug":"facebook-a-du-coeur","status":"publish","type":"post","link":"https:\/\/www.iteanu.law\/en\/facebook-a-du-coeur\/","title":{"rendered":"Facebook a du c\u0153ur"},"content":{"rendered":"<p class=\"qtranxs-available-languages-message qtranxs-available-languages-message-en\">Sorry, this entry is only available in <a href=\"https:\/\/www.iteanu.law\/fr\/wp-json\/wp\/v2\/posts\/118\" class=\"qtranxs-available-language-link qtranxs-available-language-link-fr\" title=\"FR\">FR<\/a>. For the sake of viewer convenience, the content is shown below in the alternative language. You may click the link to switch the active language.<\/p><p><\/p>\n<div class=\"post-excerpt\">\n<p>Par une <a title=\"Formation Restreinte de la Cnil\" href=\"https:\/\/www.cnil.fr\/sites\/default\/files\/atoms\/files\/d2016-007_med_facebook-inc-ireland.pdf\" hreflang=\"fr\">d\u00e9cision du 26 Janvier 2016<\/a> qu\u2019elle a rendu public, la CNIL a mis en demeure les Soci\u00e9t\u00e9s Facebook Inc. et Ireland, de se conformer \u00e0 la Loi informatique et libert\u00e9s.<!--more--><\/p>\n<p>Dans ses Conditions de services en vigueur \u00e0 la date o\u00f9 sont \u00e9crites ces lignes , le r\u00e9seau social affirme en t\u00eate de son document, en article 1 intitul\u00e9 \u00ab confidentialit\u00e9 \u00bb, que \u00ab <em>le respect de votre vie priv\u00e9e nous tient \u00e0 c\u0153ur<\/em> \u00bb.<\/p>\n<p>Il faut croire que ce c\u0153ur n\u2019est pas assez grand pour la CNIL. L\u2019Autorit\u00e9 fran\u00e7aise a ainsi list\u00e9 une liste impressionnante de manquements \u00e0 la Loi qu\u2019elle reproche \u00e0 la Soci\u00e9t\u00e9 fond\u00e9e par Mark Zuckerberg.<\/p>\n<\/div>\n<div class=\"post-content\">\n<p>Nous n\u2019aurions pas assez de cet article et de plusieurs autres, pour lister les griefs de la CNIL.<\/p>\n<p>Aussi, nous nous limiterons \u00e0 relever dans cette d\u00e9cision, ce qu\u2019a recens\u00e9 le gendarme des donn\u00e9es personnelles au titre des donn\u00e9es collect\u00e9es par Facebook.<\/p>\n<p>Au premier rang de ces donn\u00e9es, on trouve celles fournies par les utilisateurs du r\u00e9seau social eux-m\u00eames, au travers du profil.<\/p>\n<p>Facebook collecte ensuite, les donn\u00e9es relatives \u00e0 l\u2019activit\u00e9 des membres, contenus partag\u00e9s ou consult\u00e9s notamment.<\/p>\n<p>Les donn\u00e9es relatives aux \u00e9quipements utilis\u00e9s, ordinateurs, smartphones et tablettes, sont \u00e9galement r\u00e9cup\u00e9r\u00e9es. La CNIL note que les syst\u00e8mes d\u2019exploitation des machines sont recens\u00e9s, les coordonn\u00e9es GPS, le type de navigateur utilis\u00e9, le num\u00e9ro de t\u00e9l\u00e9phone mobile bien sur.<\/p>\n<p>Jusque l\u00e0, les constats faits par la CNIL sont conformes et m\u00eame en de\u00e7\u00e0 de ce qui est annonc\u00e9 par Facebook lui-m\u00eame dans ses Conditions de services qui renvoient \u00e0 un document intitul\u00e9 \u00ab <em>politique d\u2019utilisation des donn\u00e9es<\/em> \u00bb. En de\u00e7\u00e0, car dans le contrat que chaque membre Facebook a d\u00fb accepter, le plus souvent sans le lire, pour acc\u00e9der au service, le g\u00e9ant am\u00e9ricain rappelle \u00e9galement qu\u2019il collecte, classe et traite, les contenus et informations des autres, notamment \u00ab <em>amis<\/em> \u00bb, \u00ab <em>par exemple, lorsqu\u2019ils partagent une photo de vous, vous envoient un message ou encore lorsqu\u2019ils t\u00e9l\u00e9chargent, synchronisent ou importent vos coordonn\u00e9es<\/em>. \u00bb<\/p>\n<p>Mais la collecte de donn\u00e9es va encore plus loin. La CNIL rel\u00e8ve que Facebook collecte les donn\u00e9es des sites tiers et applications qui int\u00e8grent les boutons \u00ab j\u2019aime \u00bb ou \u00ab se connecter \u00bb, m\u00eame pour ceux qui ne sont pas inscrits \u00e0 Facebook. Inutile de pr\u00e9ciser que ceux-l\u00e0 n\u2019ont donn\u00e9 aucun accord \u00e0 Facebook pour cette collecte, en infraction avec la Loi informatique et libert\u00e9s.<\/p>\n<p>Enfin, cerise sur le g\u00e2teau, la CNIL affirme que le r\u00e9seau social collecte les donn\u00e9es des soci\u00e9t\u00e9s du groupe ou des soci\u00e9t\u00e9s exploit\u00e9es par elle, et elle cite notamment Instagram et WhatsApp.<\/p>\n<p>Dans ses Conditions de services, Facebook ne se cache pas sur l\u2019int\u00e9r\u00eat de collecter toutes ces donn\u00e9es. Il s\u2019agit dit pudiquement Facebook de \u00ab <em>partager des informations vous concernant<\/em> \u00bb pour des services de publicit\u00e9, de mesure et d\u2019analyse et aussi avec d\u2019autres partenaires \u00ab <em>qui collaborent avec nous partout dans le monde<\/em> \u00bb, ce qui est tout \u00e0 la fois tr\u00e8s vague et effrayant.<\/p>\n<p>La collecte de toutes ces donn\u00e9es prises individuellement peut certes choquer, mais s\u2019agissant d\u2019un service offert aux utilisateurs, on pourrait hausser les \u00e9paules.<\/p>\n<p>Mais le probl\u00e8me est ailleurs, il est \u00e0 la fois dans la combinaison et dans la masse des informations collect\u00e9es.<\/p>\n<p>C\u2019est ce que rel\u00e8ve la CNIL lorsqu\u2019elle conclue \u00ab <em>une telle combinaison de donn\u00e9es est, par sa nature m\u00eame, son ampleur et son caract\u00e8re massif, susceptible de m\u00e9conna\u00eetre l\u2019int\u00e9r\u00eat des utilisateurs inscrits et leur droit fondamental au respect de leur vie priv\u00e9e<\/em> \u00bb. On attend les r\u00e9ponses et \u00e9ventuellement les mesures prises par le Groupe qui va avoir \u00e0 y mettre du c\u0153ur &#8230; \u00e0 l\u2019ouvrage.<\/p>\n<\/div>\n<div class=\"shareonentry\"><\/div>\n<p><\/p>","protected":false},"excerpt":{"rendered":"","protected":false},"author":5,"featured_media":471,"comment_status":"closed","ping_status":"closed","sticky":false,"template":"","format":"standard","meta":{"footnotes":""},"categories":[1],"tags":[],"class_list":["post-118","post","type-post","status-publish","format-standard","has-post-thumbnail","hentry","category-news"],"acf":[],"_links":{"self":[{"href":"https:\/\/www.iteanu.law\/en\/wp-json\/wp\/v2\/posts\/118","targetHints":{"allow":["GET"]}}],"collection":[{"href":"https:\/\/www.iteanu.law\/en\/wp-json\/wp\/v2\/posts"}],"about":[{"href":"https:\/\/www.iteanu.law\/en\/wp-json\/wp\/v2\/types\/post"}],"author":[{"embeddable":true,"href":"https:\/\/www.iteanu.law\/en\/wp-json\/wp\/v2\/users\/5"}],"replies":[{"embeddable":true,"href":"https:\/\/www.iteanu.law\/en\/wp-json\/wp\/v2\/comments?post=118"}],"version-history":[{"count":6,"href":"https:\/\/www.iteanu.law\/en\/wp-json\/wp\/v2\/posts\/118\/revisions"}],"predecessor-version":[{"id":549,"href":"https:\/\/www.iteanu.law\/en\/wp-json\/wp\/v2\/posts\/118\/revisions\/549"}],"wp:featuredmedia":[{"embeddable":true,"href":"https:\/\/www.iteanu.law\/en\/wp-json\/wp\/v2\/media\/471"}],"wp:attachment":[{"href":"https:\/\/www.iteanu.law\/en\/wp-json\/wp\/v2\/media?parent=118"}],"wp:term":[{"taxonomy":"category","embeddable":true,"href":"https:\/\/www.iteanu.law\/en\/wp-json\/wp\/v2\/categories?post=118"},{"taxonomy":"post_tag","embeddable":true,"href":"https:\/\/www.iteanu.law\/en\/wp-json\/wp\/v2\/tags?post=118"}],"curies":[{"name":"wp","href":"https:\/\/api.w.org\/{rel}","templated":true}]}}