{"id":11774,"date":"2020-02-13T15:50:29","date_gmt":"2020-02-13T14:50:29","guid":{"rendered":"https:\/\/www.iteanu.law\/?p=11774"},"modified":"2020-02-13T15:50:29","modified_gmt":"2020-02-13T14:50:29","slug":"fevrier-2020-expertises-des-systeme-dinformation-health-data-hub-heberge-par-microsoft-et-le-cloud-act","status":"publish","type":"post","link":"https:\/\/www.iteanu.law\/en\/fevrier-2020-expertises-des-systeme-dinformation-health-data-hub-heberge-par-microsoft-et-le-cloud-act\/","title":{"rendered":"(F\u00e9vrier 2020) Expertises des Syst\u00e8me d&#8217;information, &#8220;Health Data Hub h\u00e9berg\u00e9 par Microsoft : et le Cloud Act ?&#8221;"},"content":{"rendered":"<p class=\"qtranxs-available-languages-message qtranxs-available-languages-message-en\">Sorry, this entry is only available in <a href=\"https:\/\/www.iteanu.law\/fr\/wp-json\/wp\/v2\/posts\/11774\" class=\"qtranxs-available-language-link qtranxs-available-language-link-fr\" title=\"FR\">FR<\/a>. For the sake of viewer convenience, the content is shown below in the alternative language. You may click the link to switch the active language.<\/p><p>Dans le num\u00e9ro de F\u00e9vrier 2020 de la revue <a href=\"https:\/\/www.expertises.info\/\">Expertises des Syst\u00e8me d&#8217;information<\/a>, <a href=\"https:\/\/www.iteanu.law\/cabinet\/data-donnees-personnelles\/\">Ma\u00eetre Alexandra Iteanu<\/a>, Avocate sp\u00e9cialis\u00e9e en donn\u00e9es personnelles du Cabinet Iteanu Avocats, analyse le choix de Microsoft comme h\u00e9bergeur des donn\u00e9es de la plateforme des donn\u00e9es de sant\u00e9 Health Data Hub.<\/p>\n<p>Ma\u00eetre Alexandra Iteanu nous apporte son expertise quant au recours \u00e0 un prestataire am\u00e9ricain soumis \u00e0 la r\u00e8glementation du Cloud Act en termes de risque d&#8217;ing\u00e9rences ext\u00e9rieures.<\/p>\n<p>L&#8217;article est \u00e0 retrouver <a href=\"https:\/\/www.iteanu.law\/wp-content\/uploads\/Article-Health-Data-Hub.pdf\">ici<\/a>.<\/p>","protected":false},"excerpt":{"rendered":"<p>Sorry, this entry is only available in FR. For the sake of viewer convenience, the content is shown below in the alternative language. You may click the link to switch the active language.Dans le num\u00e9ro de F\u00e9vrier 2020 de la revue Expertises des Syst\u00e8me d&#8217;information, Ma\u00eetre Alexandra Iteanu, Avocate sp\u00e9cialis\u00e9e en donn\u00e9es personnelles du Cabinet [&hellip;]<\/p>\n","protected":false},"author":5,"featured_media":11795,"comment_status":"closed","ping_status":"closed","sticky":true,"template":"","format":"standard","meta":{"footnotes":""},"categories":[12],"tags":[],"class_list":["post-11774","post","type-post","status-publish","format-standard","has-post-thumbnail","hentry","category-revue-de-presse"],"acf":[],"_links":{"self":[{"href":"https:\/\/www.iteanu.law\/en\/wp-json\/wp\/v2\/posts\/11774","targetHints":{"allow":["GET"]}}],"collection":[{"href":"https:\/\/www.iteanu.law\/en\/wp-json\/wp\/v2\/posts"}],"about":[{"href":"https:\/\/www.iteanu.law\/en\/wp-json\/wp\/v2\/types\/post"}],"author":[{"embeddable":true,"href":"https:\/\/www.iteanu.law\/en\/wp-json\/wp\/v2\/users\/5"}],"replies":[{"embeddable":true,"href":"https:\/\/www.iteanu.law\/en\/wp-json\/wp\/v2\/comments?post=11774"}],"version-history":[{"count":2,"href":"https:\/\/www.iteanu.law\/en\/wp-json\/wp\/v2\/posts\/11774\/revisions"}],"predecessor-version":[{"id":11796,"href":"https:\/\/www.iteanu.law\/en\/wp-json\/wp\/v2\/posts\/11774\/revisions\/11796"}],"wp:featuredmedia":[{"embeddable":true,"href":"https:\/\/www.iteanu.law\/en\/wp-json\/wp\/v2\/media\/11795"}],"wp:attachment":[{"href":"https:\/\/www.iteanu.law\/en\/wp-json\/wp\/v2\/media?parent=11774"}],"wp:term":[{"taxonomy":"category","embeddable":true,"href":"https:\/\/www.iteanu.law\/en\/wp-json\/wp\/v2\/categories?post=11774"},{"taxonomy":"post_tag","embeddable":true,"href":"https:\/\/www.iteanu.law\/en\/wp-json\/wp\/v2\/tags?post=11774"}],"curies":[{"name":"wp","href":"https:\/\/api.w.org\/{rel}","templated":true}]}}