{"id":11613,"date":"2020-02-06T17:12:04","date_gmt":"2020-02-06T16:12:04","guid":{"rendered":"https:\/\/www.iteanu.law\/?p=11613"},"modified":"2020-02-06T17:12:04","modified_gmt":"2020-02-06T16:12:04","slug":"novembre-2019-linformaticien-le-logiciel-est-il-defini-par-la-loi-francaise","status":"publish","type":"post","link":"https:\/\/www.iteanu.law\/en\/novembre-2019-linformaticien-le-logiciel-est-il-defini-par-la-loi-francaise\/","title":{"rendered":"(Novembre 2019) L&#8217;INFORMATICIEN, &#8220;Le logiciel est-il d\u00e9fini par la Loi fran\u00e7aise ?&#8221;"},"content":{"rendered":"<p class=\"qtranxs-available-languages-message qtranxs-available-languages-message-en\">Sorry, this entry is only available in <a href=\"https:\/\/www.iteanu.law\/fr\/wp-json\/wp\/v2\/posts\/11613\" class=\"qtranxs-available-language-link qtranxs-available-language-link-fr\" title=\"FR\">FR<\/a>. For the sake of viewer convenience, the content is shown below in the alternative language. You may click the link to switch the active language.<\/p><p>Dans le num\u00e9ro de Novembre 2019 du magazine<a href=\"https:\/\/www.linformaticien.com\/\"> L&#8217;informaticien<\/a>, Ma\u00eetre Olivier ITEANU \u00e9voque dans sa colonne juridique la d\u00e9finition par la Loi d&#8217;un logiciel.<\/p>\n<p>L&#8217;article est \u00e0 retrouver <a href=\"https:\/\/www.iteanu.law\/wp-content\/uploads\/Extrait_LInformaticien_Novembre2019.pdf\">ici<\/a>.<\/p>","protected":false},"excerpt":{"rendered":"<p>Sorry, this entry is only available in FR. For the sake of viewer convenience, the content is shown below in the alternative language. You may click the link to switch the active language.Dans le num\u00e9ro de Novembre 2019 du magazine L&#8217;informaticien, Ma\u00eetre Olivier ITEANU \u00e9voque dans sa colonne juridique la d\u00e9finition par la Loi d&#8217;un [&hellip;]<\/p>\n","protected":false},"author":5,"featured_media":11612,"comment_status":"closed","ping_status":"closed","sticky":true,"template":"","format":"standard","meta":{"footnotes":""},"categories":[12],"tags":[],"class_list":["post-11613","post","type-post","status-publish","format-standard","has-post-thumbnail","hentry","category-revue-de-presse"],"acf":[],"_links":{"self":[{"href":"https:\/\/www.iteanu.law\/en\/wp-json\/wp\/v2\/posts\/11613","targetHints":{"allow":["GET"]}}],"collection":[{"href":"https:\/\/www.iteanu.law\/en\/wp-json\/wp\/v2\/posts"}],"about":[{"href":"https:\/\/www.iteanu.law\/en\/wp-json\/wp\/v2\/types\/post"}],"author":[{"embeddable":true,"href":"https:\/\/www.iteanu.law\/en\/wp-json\/wp\/v2\/users\/5"}],"replies":[{"embeddable":true,"href":"https:\/\/www.iteanu.law\/en\/wp-json\/wp\/v2\/comments?post=11613"}],"version-history":[{"count":5,"href":"https:\/\/www.iteanu.law\/en\/wp-json\/wp\/v2\/posts\/11613\/revisions"}],"predecessor-version":[{"id":15468,"href":"https:\/\/www.iteanu.law\/en\/wp-json\/wp\/v2\/posts\/11613\/revisions\/15468"}],"wp:featuredmedia":[{"embeddable":true,"href":"https:\/\/www.iteanu.law\/en\/wp-json\/wp\/v2\/media\/11612"}],"wp:attachment":[{"href":"https:\/\/www.iteanu.law\/en\/wp-json\/wp\/v2\/media?parent=11613"}],"wp:term":[{"taxonomy":"category","embeddable":true,"href":"https:\/\/www.iteanu.law\/en\/wp-json\/wp\/v2\/categories?post=11613"},{"taxonomy":"post_tag","embeddable":true,"href":"https:\/\/www.iteanu.law\/en\/wp-json\/wp\/v2\/tags?post=11613"}],"curies":[{"name":"wp","href":"https:\/\/api.w.org\/{rel}","templated":true}]}}