{"id":11557,"date":"2020-02-06T17:03:01","date_gmt":"2020-02-06T16:03:01","guid":{"rendered":"https:\/\/www.iteanu.law\/?p=11557"},"modified":"2020-02-06T17:03:01","modified_gmt":"2020-02-06T16:03:01","slug":"septembre-2019-linformaticien-quest-ce-quune-donnee-personnelle","status":"publish","type":"post","link":"https:\/\/www.iteanu.law\/en\/septembre-2019-linformaticien-quest-ce-quune-donnee-personnelle\/","title":{"rendered":"(Septembre 2019) L&#8217;INFORMATICIEN, &#8220;Qu&#8217;est ce qu&#8217;une donn\u00e9e personnelle ?&#8221;"},"content":{"rendered":"<p class=\"qtranxs-available-languages-message qtranxs-available-languages-message-en\">Sorry, this entry is only available in <a href=\"https:\/\/www.iteanu.law\/fr\/wp-json\/wp\/v2\/posts\/11557\" class=\"qtranxs-available-language-link qtranxs-available-language-link-fr\" title=\"FR\">FR<\/a>. For the sake of viewer convenience, the content is shown below in the alternative language. You may click the link to switch the active language.<\/p><p>Avec l&#8217;entr\u00e9e en application largement m\u00e9diatis\u00e9e du RGPD, chacun pense savoir ce qu&#8217;est une donn\u00e9e personnelle. Ma\u00eetre Olivier ITEANU nous explique dans sa colonne juridique du magazine <a href=\"https:\/\/www.linformaticien.com\/\">L&#8217;Informaticien<\/a> la d\u00e9finition, qui peut parfois s&#8217;av\u00e9rer trompeuse, de la donn\u00e9e personnelle.<\/p>\n<p>L&#8217;article est \u00e0 retrouver <a href=\"https:\/\/www.iteanu.law\/wp-content\/uploads\/Extrait_LInformaticien_Septembre2019.pdf\">ici<\/a>.<\/p>","protected":false},"excerpt":{"rendered":"<p>Sorry, this entry is only available in FR. For the sake of viewer convenience, the content is shown below in the alternative language. You may click the link to switch the active language.Avec l&#8217;entr\u00e9e en application largement m\u00e9diatis\u00e9e du RGPD, chacun pense savoir ce qu&#8217;est une donn\u00e9e personnelle. Ma\u00eetre Olivier ITEANU nous explique dans sa [&hellip;]<\/p>\n","protected":false},"author":5,"featured_media":11612,"comment_status":"closed","ping_status":"closed","sticky":true,"template":"","format":"standard","meta":{"footnotes":""},"categories":[12],"tags":[],"class_list":["post-11557","post","type-post","status-publish","format-standard","has-post-thumbnail","hentry","category-revue-de-presse"],"acf":[],"_links":{"self":[{"href":"https:\/\/www.iteanu.law\/en\/wp-json\/wp\/v2\/posts\/11557","targetHints":{"allow":["GET"]}}],"collection":[{"href":"https:\/\/www.iteanu.law\/en\/wp-json\/wp\/v2\/posts"}],"about":[{"href":"https:\/\/www.iteanu.law\/en\/wp-json\/wp\/v2\/types\/post"}],"author":[{"embeddable":true,"href":"https:\/\/www.iteanu.law\/en\/wp-json\/wp\/v2\/users\/5"}],"replies":[{"embeddable":true,"href":"https:\/\/www.iteanu.law\/en\/wp-json\/wp\/v2\/comments?post=11557"}],"version-history":[{"count":7,"href":"https:\/\/www.iteanu.law\/en\/wp-json\/wp\/v2\/posts\/11557\/revisions"}],"predecessor-version":[{"id":11610,"href":"https:\/\/www.iteanu.law\/en\/wp-json\/wp\/v2\/posts\/11557\/revisions\/11610"}],"wp:featuredmedia":[{"embeddable":true,"href":"https:\/\/www.iteanu.law\/en\/wp-json\/wp\/v2\/media\/11612"}],"wp:attachment":[{"href":"https:\/\/www.iteanu.law\/en\/wp-json\/wp\/v2\/media?parent=11557"}],"wp:term":[{"taxonomy":"category","embeddable":true,"href":"https:\/\/www.iteanu.law\/en\/wp-json\/wp\/v2\/categories?post=11557"},{"taxonomy":"post_tag","embeddable":true,"href":"https:\/\/www.iteanu.law\/en\/wp-json\/wp\/v2\/tags?post=11557"}],"curies":[{"name":"wp","href":"https:\/\/api.w.org\/{rel}","templated":true}]}}