{"id":1127,"date":"2018-01-18T11:14:43","date_gmt":"2018-01-18T10:14:43","guid":{"rendered":"https:\/\/www.iteanu.law\/?p=1127"},"modified":"2018-04-13T09:36:07","modified_gmt":"2018-04-13T07:36:07","slug":"entretien-avec-olivier-iteanu-quand-le-digital-defie-letat-de-droit-18-janvier-2017","status":"publish","type":"post","link":"https:\/\/www.iteanu.law\/en\/entretien-avec-olivier-iteanu-quand-le-digital-defie-letat-de-droit-18-janvier-2017\/","title":{"rendered":"Entretien avec Olivier Iteanu : Quand le digital d\u00e9fie l\u2019\u00e9tat de droit &#8211; 18 janvier 2017"},"content":{"rendered":"<p class=\"qtranxs-available-languages-message qtranxs-available-languages-message-en\">Sorry, this entry is only available in <a href=\"https:\/\/www.iteanu.law\/fr\/wp-json\/wp\/v2\/posts\/1127\" class=\"qtranxs-available-language-link qtranxs-available-language-link-fr\" title=\"FR\">FR<\/a>. For the sake of viewer convenience, the content is shown below in the alternative language. You may click the link to switch the active language.<\/p><p><strong>Olivier Iteanu, pouvez-vous \u00e9voquer votre parcours afin que nos lecteurs puissent mieux vous conna\u00eetre ?<\/strong><\/p>\n<p>Je suis avocat n\u00e9 avec internet \u00e0 la fin des ann\u00e9es 80. Passionn\u00e9 par le num\u00e9rique, j\u2019ai \u00e9crit\u00a0<em>Internet et le droit<\/em>\u00a0publi\u00e9 en avril 1996.\u00a0Celui-ci \u00e9tait \u00e0 l\u2019\u00e9poque le premier ouvrage de droit fran\u00e7ais jamais paru sur le sujet. Je participe \u00e0 la mise en place du droit d\u2019internet depuis 20 ans en France et en Europe.<\/p>\n<p><a href=\"https:\/\/misskonfidentielle.com\/2017\/01\/13\/entretien-avec-olivier-iteanu\/\">Lire la suite ici<\/a><\/p>","protected":false},"excerpt":{"rendered":"<p class=\"qtranxs-available-languages-message qtranxs-available-languages-message-en\">Sorry, this entry is only available in <a href=\"https:\/\/www.iteanu.law\/fr\/wp-json\/wp\/v2\/posts\/1127\" class=\"qtranxs-available-language-link qtranxs-available-language-link-fr\" title=\"FR\">FR<\/a>. For the sake of viewer convenience, the content is shown below in the alternative language. You may click the link to switch the active language.<\/p>\n<p>Entretien avec Olivier Iteanu : Quand le digital d\u00e9fie l\u2019\u00e9tat de droit<\/p>\n","protected":false},"author":3,"featured_media":0,"comment_status":"closed","ping_status":"closed","sticky":false,"template":"","format":"standard","meta":{"footnotes":""},"categories":[12],"tags":[],"class_list":["post-1127","post","type-post","status-publish","format-standard","hentry","category-revue-de-presse"],"acf":[],"_links":{"self":[{"href":"https:\/\/www.iteanu.law\/en\/wp-json\/wp\/v2\/posts\/1127","targetHints":{"allow":["GET"]}}],"collection":[{"href":"https:\/\/www.iteanu.law\/en\/wp-json\/wp\/v2\/posts"}],"about":[{"href":"https:\/\/www.iteanu.law\/en\/wp-json\/wp\/v2\/types\/post"}],"author":[{"embeddable":true,"href":"https:\/\/www.iteanu.law\/en\/wp-json\/wp\/v2\/users\/3"}],"replies":[{"embeddable":true,"href":"https:\/\/www.iteanu.law\/en\/wp-json\/wp\/v2\/comments?post=1127"}],"version-history":[{"count":2,"href":"https:\/\/www.iteanu.law\/en\/wp-json\/wp\/v2\/posts\/1127\/revisions"}],"predecessor-version":[{"id":1136,"href":"https:\/\/www.iteanu.law\/en\/wp-json\/wp\/v2\/posts\/1127\/revisions\/1136"}],"wp:attachment":[{"href":"https:\/\/www.iteanu.law\/en\/wp-json\/wp\/v2\/media?parent=1127"}],"wp:term":[{"taxonomy":"category","embeddable":true,"href":"https:\/\/www.iteanu.law\/en\/wp-json\/wp\/v2\/categories?post=1127"},{"taxonomy":"post_tag","embeddable":true,"href":"https:\/\/www.iteanu.law\/en\/wp-json\/wp\/v2\/tags?post=1127"}],"curies":[{"name":"wp","href":"https:\/\/api.w.org\/{rel}","templated":true}]}}