{"id":1125,"date":"2018-01-31T11:12:42","date_gmt":"2018-01-31T10:12:42","guid":{"rendered":"https:\/\/www.iteanu.law\/?p=1125"},"modified":"2018-04-13T09:35:53","modified_gmt":"2018-04-13T07:35:53","slug":"fic2018-maitre-olivier-iteanu-provoque-un-tsunami-juridique-31-janvier-2018","status":"publish","type":"post","link":"https:\/\/www.iteanu.law\/en\/fic2018-maitre-olivier-iteanu-provoque-un-tsunami-juridique-31-janvier-2018\/","title":{"rendered":"#FIC2018 : Ma\u00eetre Olivier It\u00e9anu provoque un tsunami juridique &#8211; 31 janvier 2018"},"content":{"rendered":"<p class=\"qtranxs-available-languages-message qtranxs-available-languages-message-en\">Sorry, this entry is only available in <a href=\"https:\/\/www.iteanu.law\/fr\/wp-json\/wp\/v2\/posts\/1125\" class=\"qtranxs-available-language-link qtranxs-available-language-link-fr\" title=\"FR\">FR<\/a>. For the sake of viewer convenience, the content is shown below in the alternative language. You may click the link to switch the active language.<\/p><p><strong>Le 10\u00e8me Forum International de la Cybers\u00e9curit\u00e9 (FIC) se d\u00e9roulait \u00e0 Lille Grand Palais les 23 et 24 janvier 2018. Cet \u00e9v\u00e9nement\u00a0s\u2019inscrit dans une d\u00e9marche de r\u00e9flexions et d\u2019\u00e9changes visant \u00e0 promouvoir une vision europ\u00e9enne de la cybers\u00e9curit\u00e9. Dans la continuit\u00e9 du march\u00e9 unique num\u00e9rique et du projet de r\u00e8glement sur la protection des donn\u00e9es personnelles. Le FIC est l\u2019\u00e9v\u00e9nement europ\u00e9en de r\u00e9f\u00e9rence r\u00e9unissant tous les acteurs de la confiance num\u00e9rique.\u00a0<\/strong><\/p>\n<p><a href=\"https:\/\/misskonfidentielle.com\/2018\/01\/30\/fic2018-maitre-olivier-iteanu-provoque-un-tsunami-juridique\">Lire la suite ici<\/a><\/p>","protected":false},"excerpt":{"rendered":"<p class=\"qtranxs-available-languages-message qtranxs-available-languages-message-en\">Sorry, this entry is only available in <a href=\"https:\/\/www.iteanu.law\/fr\/wp-json\/wp\/v2\/posts\/1125\" class=\"qtranxs-available-language-link qtranxs-available-language-link-fr\" title=\"FR\">FR<\/a>. For the sake of viewer convenience, the content is shown below in the alternative language. You may click the link to switch the active language.<\/p>\n<p>Le 10\u00e8me Forum International de la Cybers\u00e9curit\u00e9 (FIC) se d\u00e9roulait \u00e0 Lille Grand Palais les 23 et 24 janvier 2018.<\/p>\n","protected":false},"author":3,"featured_media":0,"comment_status":"closed","ping_status":"closed","sticky":false,"template":"","format":"standard","meta":{"footnotes":""},"categories":[12],"tags":[],"class_list":["post-1125","post","type-post","status-publish","format-standard","hentry","category-revue-de-presse"],"acf":[],"_links":{"self":[{"href":"https:\/\/www.iteanu.law\/en\/wp-json\/wp\/v2\/posts\/1125","targetHints":{"allow":["GET"]}}],"collection":[{"href":"https:\/\/www.iteanu.law\/en\/wp-json\/wp\/v2\/posts"}],"about":[{"href":"https:\/\/www.iteanu.law\/en\/wp-json\/wp\/v2\/types\/post"}],"author":[{"embeddable":true,"href":"https:\/\/www.iteanu.law\/en\/wp-json\/wp\/v2\/users\/3"}],"replies":[{"embeddable":true,"href":"https:\/\/www.iteanu.law\/en\/wp-json\/wp\/v2\/comments?post=1125"}],"version-history":[{"count":2,"href":"https:\/\/www.iteanu.law\/en\/wp-json\/wp\/v2\/posts\/1125\/revisions"}],"predecessor-version":[{"id":1135,"href":"https:\/\/www.iteanu.law\/en\/wp-json\/wp\/v2\/posts\/1125\/revisions\/1135"}],"wp:attachment":[{"href":"https:\/\/www.iteanu.law\/en\/wp-json\/wp\/v2\/media?parent=1125"}],"wp:term":[{"taxonomy":"category","embeddable":true,"href":"https:\/\/www.iteanu.law\/en\/wp-json\/wp\/v2\/categories?post=1125"},{"taxonomy":"post_tag","embeddable":true,"href":"https:\/\/www.iteanu.law\/en\/wp-json\/wp\/v2\/tags?post=1125"}],"curies":[{"name":"wp","href":"https:\/\/api.w.org\/{rel}","templated":true}]}}