{"id":1119,"date":"2018-02-12T11:07:07","date_gmt":"2018-02-12T10:07:07","guid":{"rendered":"https:\/\/www.iteanu.law\/?p=1119"},"modified":"2018-04-13T09:35:39","modified_gmt":"2018-04-13T07:35:39","slug":"speakers-big-data-2018-olivier-iteanu-fevrier-2018","status":"publish","type":"post","link":"https:\/\/www.iteanu.law\/en\/speakers-big-data-2018-olivier-iteanu-fevrier-2018\/","title":{"rendered":"Speakers BIG DATA 2018 : Olivier Iteanu &#8211; f\u00e9vrier 2018"},"content":{"rendered":"<p class=\"qtranxs-available-languages-message qtranxs-available-languages-message-en\">Sorry, this entry is only available in <a href=\"https:\/\/www.iteanu.law\/fr\/wp-json\/wp\/v2\/posts\/1119\" class=\"qtranxs-available-language-link qtranxs-available-language-link-fr\" title=\"FR\">FR<\/a>. For the sake of viewer convenience, the content is shown below in the alternative language. You may click the link to switch the active language.<\/p><p>Olivier ITEANU est Avocat \u00e0 la Cour d\u2018Appel de Paris depuis 1989<\/p>\n<p>Charg\u00e9 d\u2018enseignement \u00e0 l\u2018Universit\u00e9 de Paris I Sorbonne en droit du num\u00e9rique<\/p>\n<p>Fondateur et G\u00e9rant de la SELARL ITEANU AVOCATS, un Cabinet d\u2019Avocats compos\u00e9 de 12 professionnels bas\u00e9 \u00e0 Paris 8\u00e8me, 164 rue du Faubourg Saint-Honor\u00e9, d\u00e9di\u00e9 au droit du num\u00e9rique et des communications \u00e9lectroniques<\/p>\n<p><a href=\"https:\/\/www.bigdataparis.com\/olivier-iteanu.html\">Lire la suite ici<\/a><\/p>","protected":false},"excerpt":{"rendered":"<p class=\"qtranxs-available-languages-message qtranxs-available-languages-message-en\">Sorry, this entry is only available in <a href=\"https:\/\/www.iteanu.law\/fr\/wp-json\/wp\/v2\/posts\/1119\" class=\"qtranxs-available-language-link qtranxs-available-language-link-fr\" title=\"FR\">FR<\/a>. For the sake of viewer convenience, the content is shown below in the alternative language. You may click the link to switch the active language.<\/p>\n<p>Olivier ITEANU est Avocat \u00e0 la Cour d\u2018Appel de Paris depuis 1989<\/p>\n<p>Charg\u00e9 d\u2018enseignement \u00e0 l\u2018Universit\u00e9 de Paris I Sorbonne en droit du num\u00e9rique<\/p>\n<p>Fondateur et G\u00e9rant de la SELARL ITEANU AVOCATS, un Cabinet d\u2019Avocats compos\u00e9 de 12 professionnels bas\u00e9 \u00e0 Paris 8\u00e8me, 164 rue du Faubourg Saint-Honor\u00e9, d\u00e9di\u00e9 au droit du num\u00e9rique et des communications \u00e9lectroniques<\/p>\n","protected":false},"author":3,"featured_media":0,"comment_status":"closed","ping_status":"closed","sticky":false,"template":"","format":"standard","meta":{"footnotes":""},"categories":[12],"tags":[],"class_list":["post-1119","post","type-post","status-publish","format-standard","hentry","category-revue-de-presse"],"acf":[],"_links":{"self":[{"href":"https:\/\/www.iteanu.law\/en\/wp-json\/wp\/v2\/posts\/1119","targetHints":{"allow":["GET"]}}],"collection":[{"href":"https:\/\/www.iteanu.law\/en\/wp-json\/wp\/v2\/posts"}],"about":[{"href":"https:\/\/www.iteanu.law\/en\/wp-json\/wp\/v2\/types\/post"}],"author":[{"embeddable":true,"href":"https:\/\/www.iteanu.law\/en\/wp-json\/wp\/v2\/users\/3"}],"replies":[{"embeddable":true,"href":"https:\/\/www.iteanu.law\/en\/wp-json\/wp\/v2\/comments?post=1119"}],"version-history":[{"count":7,"href":"https:\/\/www.iteanu.law\/en\/wp-json\/wp\/v2\/posts\/1119\/revisions"}],"predecessor-version":[{"id":1134,"href":"https:\/\/www.iteanu.law\/en\/wp-json\/wp\/v2\/posts\/1119\/revisions\/1134"}],"wp:attachment":[{"href":"https:\/\/www.iteanu.law\/en\/wp-json\/wp\/v2\/media?parent=1119"}],"wp:term":[{"taxonomy":"category","embeddable":true,"href":"https:\/\/www.iteanu.law\/en\/wp-json\/wp\/v2\/categories?post=1119"},{"taxonomy":"post_tag","embeddable":true,"href":"https:\/\/www.iteanu.law\/en\/wp-json\/wp\/v2\/tags?post=1119"}],"curies":[{"name":"wp","href":"https:\/\/api.w.org\/{rel}","templated":true}]}}