{"id":1034,"date":"2017-02-23T17:42:13","date_gmt":"2017-02-23T16:42:13","guid":{"rendered":"https:\/\/www.iteanu.law\/?p=1034"},"modified":"2018-03-12T10:23:33","modified_gmt":"2018-03-12T09:23:33","slug":"l1fo-protection-donnees-personnelles-bmc-veut-donner-lexemple-23-02-2017","status":"publish","type":"post","link":"https:\/\/www.iteanu.law\/en\/l1fo-protection-donnees-personnelles-bmc-veut-donner-lexemple-23-02-2017\/","title":{"rendered":"L&#8217;1FO : Protection des donn\u00e9es personnelles : BMC veut donner l&#8217;exemple &#8211; 23\/02\/2017"},"content":{"rendered":"<p>L\u2019\u00e9diteur de logiciel am\u00e9ricain BMC Software a mis en place des binding corporate rules (BCR) approuv\u00e9es par les Cnil europ\u00e9ennes pour d\u00e9finir sa politique de protection des donn\u00e9es personnelles \u00e0 travers le monde. Une pratique vou\u00e9e \u00e0 se g\u00e9n\u00e9raliser avec l\u2019application du GDPR (ou RGPD r\u00e8glement g\u00e9n\u00e9ral sur la protection des donn\u00e9es de l\u2019Union europ\u00e9enne), en 2018.<\/p>\n<p><a href=\"https:\/\/www.linformaticien.com\/actualites\/id\/43227\/protection-des-donnees-personnelles-bmc-veut-donner-l-exemple.aspx\" target=\"_blank\" rel=\"noopener\">Lire la suite<\/a><\/p>","protected":false},"excerpt":{"rendered":"<p>L\u2019\u00e9diteur de logiciel am\u00e9ricain BMC Software a mis en place des binding corporate rules (BCR) approuv\u00e9es par les Cnil europ\u00e9ennes pour d\u00e9finir sa politique de protection des donn\u00e9es personnelles \u00e0 travers le monde. Une pratique vou\u00e9e \u00e0 se g\u00e9n\u00e9raliser avec l\u2019application du GDPR (ou RGPD r\u00e8glement g\u00e9n\u00e9ral sur la protection des donn\u00e9es de l\u2019Union europ\u00e9enne), en 2018.<\/p>\n","protected":false},"author":3,"featured_media":919,"comment_status":"closed","ping_status":"closed","sticky":false,"template":"","format":"standard","meta":{"footnotes":""},"categories":[12],"tags":[],"class_list":["post-1034","post","type-post","status-publish","format-standard","has-post-thumbnail","hentry","category-revue-de-presse"],"acf":[],"_links":{"self":[{"href":"https:\/\/www.iteanu.law\/en\/wp-json\/wp\/v2\/posts\/1034","targetHints":{"allow":["GET"]}}],"collection":[{"href":"https:\/\/www.iteanu.law\/en\/wp-json\/wp\/v2\/posts"}],"about":[{"href":"https:\/\/www.iteanu.law\/en\/wp-json\/wp\/v2\/types\/post"}],"author":[{"embeddable":true,"href":"https:\/\/www.iteanu.law\/en\/wp-json\/wp\/v2\/users\/3"}],"replies":[{"embeddable":true,"href":"https:\/\/www.iteanu.law\/en\/wp-json\/wp\/v2\/comments?post=1034"}],"version-history":[{"count":1,"href":"https:\/\/www.iteanu.law\/en\/wp-json\/wp\/v2\/posts\/1034\/revisions"}],"predecessor-version":[{"id":1035,"href":"https:\/\/www.iteanu.law\/en\/wp-json\/wp\/v2\/posts\/1034\/revisions\/1035"}],"wp:featuredmedia":[{"embeddable":true,"href":"https:\/\/www.iteanu.law\/en\/wp-json\/wp\/v2\/media\/919"}],"wp:attachment":[{"href":"https:\/\/www.iteanu.law\/en\/wp-json\/wp\/v2\/media?parent=1034"}],"wp:term":[{"taxonomy":"category","embeddable":true,"href":"https:\/\/www.iteanu.law\/en\/wp-json\/wp\/v2\/categories?post=1034"},{"taxonomy":"post_tag","embeddable":true,"href":"https:\/\/www.iteanu.law\/en\/wp-json\/wp\/v2\/tags?post=1034"}],"curies":[{"name":"wp","href":"https:\/\/api.w.org\/{rel}","templated":true}]}}