{"id":1031,"date":"2017-02-28T17:40:26","date_gmt":"2017-02-28T16:40:26","guid":{"rendered":"https:\/\/www.iteanu.law\/?p=1031"},"modified":"2018-03-12T10:23:48","modified_gmt":"2018-03-12T09:23:48","slug":"gazette-digital-vient-defier-letat-de-droit-europeen-28-02-2017","status":"publish","type":"post","link":"https:\/\/www.iteanu.law\/en\/gazette-digital-vient-defier-letat-de-droit-europeen-28-02-2017\/","title":{"rendered":"La Gazette : &#8220;Le digital vient d\u00e9fier l&#8217;Etat de droit europ\u00e9en&#8221; &#8211; 28\/02\/2017"},"content":{"rendered":"<p>L\u2019un des meilleurs sp\u00e9cialistes europ\u00e9ens du droit du num\u00e9rique, Olivier Iteanu, avocat \u00e0 la cour d\u2019appel de Paris, d\u00e9nonce les pratiques juridiques abusives des g\u00e9ants du net. Dans son livre, \u00abQuand le digital d\u00e9fie l\u2019Etat de droit\u00bb, l\u2019auteur explique comment ces multinationales contournent volontairement le droit europ\u00e9en pour imposer des r\u00e8gles plus mercantiles et moins protectrices du consommateur, alors que nul ne peut d\u00e9roger au droit de la consommation europ\u00e9en.<\/p>\n<p><a href=\"http:\/\/www.lagazettedescommunes.com\/491022\/le-digital-vient-defier-letat-de-droit-europeen-olivier-iteanu\/\" target=\"_blank\" rel=\"noopener\">Lire la suite<\/a><\/p>","protected":false},"excerpt":{"rendered":"<p>L\u2019un des meilleurs sp\u00e9cialistes europ\u00e9ens du droit du num\u00e9rique, Olivier Iteanu, avocat \u00e0 la cour d\u2019appel de Paris, d\u00e9nonce les pratiques juridiques abusives des g\u00e9ants du net. Dans son livre, \u00abQuand le digital d\u00e9fie l\u2019Etat de droit\u00bb, l\u2019auteur explique comment ces multinationales contournent volontairement le droit europ\u00e9en pour imposer des r\u00e8gles plus mercantiles et moins protectrices du consommateur, alors que nul ne peut d\u00e9roger au droit de la consommation europ\u00e9en.<\/p>\n","protected":false},"author":3,"featured_media":920,"comment_status":"closed","ping_status":"closed","sticky":false,"template":"","format":"standard","meta":{"footnotes":""},"categories":[12],"tags":[],"class_list":["post-1031","post","type-post","status-publish","format-standard","has-post-thumbnail","hentry","category-revue-de-presse"],"acf":[],"_links":{"self":[{"href":"https:\/\/www.iteanu.law\/en\/wp-json\/wp\/v2\/posts\/1031","targetHints":{"allow":["GET"]}}],"collection":[{"href":"https:\/\/www.iteanu.law\/en\/wp-json\/wp\/v2\/posts"}],"about":[{"href":"https:\/\/www.iteanu.law\/en\/wp-json\/wp\/v2\/types\/post"}],"author":[{"embeddable":true,"href":"https:\/\/www.iteanu.law\/en\/wp-json\/wp\/v2\/users\/3"}],"replies":[{"embeddable":true,"href":"https:\/\/www.iteanu.law\/en\/wp-json\/wp\/v2\/comments?post=1031"}],"version-history":[{"count":2,"href":"https:\/\/www.iteanu.law\/en\/wp-json\/wp\/v2\/posts\/1031\/revisions"}],"predecessor-version":[{"id":1033,"href":"https:\/\/www.iteanu.law\/en\/wp-json\/wp\/v2\/posts\/1031\/revisions\/1033"}],"wp:featuredmedia":[{"embeddable":true,"href":"https:\/\/www.iteanu.law\/en\/wp-json\/wp\/v2\/media\/920"}],"wp:attachment":[{"href":"https:\/\/www.iteanu.law\/en\/wp-json\/wp\/v2\/media?parent=1031"}],"wp:term":[{"taxonomy":"category","embeddable":true,"href":"https:\/\/www.iteanu.law\/en\/wp-json\/wp\/v2\/categories?post=1031"},{"taxonomy":"post_tag","embeddable":true,"href":"https:\/\/www.iteanu.law\/en\/wp-json\/wp\/v2\/tags?post=1031"}],"curies":[{"name":"wp","href":"https:\/\/api.w.org\/{rel}","templated":true}]}}