{"id":10152,"date":"2019-12-16T16:12:37","date_gmt":"2019-12-16T15:12:37","guid":{"rendered":"https:\/\/www.iteanu.law\/?p=10152"},"modified":"2019-12-16T16:12:37","modified_gmt":"2019-12-16T15:12:37","slug":"13-decembre-2019-quand-les-juristes-decodent-la-revolution-numerique-mondiale","status":"publish","type":"post","link":"https:\/\/www.iteanu.law\/en\/13-decembre-2019-quand-les-juristes-decodent-la-revolution-numerique-mondiale\/","title":{"rendered":"(13 d\u00e9cembre 2019) Quand les juristes d\u00e9codent la r\u00e9volution num\u00e9rique mondiale"},"content":{"rendered":"<p class=\"qtranxs-available-languages-message qtranxs-available-languages-message-en\">Sorry, this entry is only available in <a href=\"https:\/\/www.iteanu.law\/fr\/wp-json\/wp\/v2\/posts\/10152\" class=\"qtranxs-available-language-link qtranxs-available-language-link-fr\" title=\"FR\">FR<\/a>. For the sake of viewer convenience, the content is shown below in the alternative language. You may click the link to switch the active language.<\/p><p>Ma\u00eetre Alexandra Iteanu a particip\u00e9 \u00e0 la journ\u00e9e et conf\u00e9rence annuelle d&#8217;actualit\u00e9 organis\u00e9e \u00e0 Paris par l&#8217;Association Fran\u00e7aise du Droit de l&#8217;Informatique et de la T\u00e9l\u00e9communication &#8211; <a href=\"http:\/\/www.afdit.fr\/\">AFDIT.<\/a><\/p>\n<p>Une journ\u00e9e couronn\u00e9e de succ\u00e8s, r\u00e9sum\u00e9e par les Affiches Parisiennes dans un article d&#8217;Anne Moreaux, <a href=\"https:\/\/www.affiches-parisiennes.com\/quand-les-juristes-decodent-la-revolution-numerique-mondiale-9574.html\">ici<\/a>.<\/p>\n<p>Alexandra Iteanu y a trait\u00e9 en particulier de l&#8217;action de groupe en mati\u00e8re de donn\u00e9es personnelles, introduite dans le syst\u00e8me judiciaire par le R\u00e8glement UE 2016\/679 dit RGPD.<\/p>\n<p>&nbsp;<\/p>\n<p>&nbsp;<\/p>","protected":false},"excerpt":{"rendered":"<p>Sorry, this entry is only available in FR. For the sake of viewer convenience, the content is shown below in the alternative language. You may click the link to switch the active language.Ma\u00eetre Alexandra Iteanu a particip\u00e9 \u00e0 la journ\u00e9e et conf\u00e9rence annuelle d&#8217;actualit\u00e9 organis\u00e9e \u00e0 Paris par l&#8217;Association Fran\u00e7aise du Droit de l&#8217;Informatique et [&hellip;]<\/p>\n","protected":false},"author":5,"featured_media":10153,"comment_status":"closed","ping_status":"closed","sticky":false,"template":"","format":"standard","meta":{"footnotes":""},"categories":[5],"tags":[],"class_list":["post-10152","post","type-post","status-publish","format-standard","has-post-thumbnail","hentry","category-evenements"],"acf":[],"_links":{"self":[{"href":"https:\/\/www.iteanu.law\/en\/wp-json\/wp\/v2\/posts\/10152","targetHints":{"allow":["GET"]}}],"collection":[{"href":"https:\/\/www.iteanu.law\/en\/wp-json\/wp\/v2\/posts"}],"about":[{"href":"https:\/\/www.iteanu.law\/en\/wp-json\/wp\/v2\/types\/post"}],"author":[{"embeddable":true,"href":"https:\/\/www.iteanu.law\/en\/wp-json\/wp\/v2\/users\/5"}],"replies":[{"embeddable":true,"href":"https:\/\/www.iteanu.law\/en\/wp-json\/wp\/v2\/comments?post=10152"}],"version-history":[{"count":1,"href":"https:\/\/www.iteanu.law\/en\/wp-json\/wp\/v2\/posts\/10152\/revisions"}],"predecessor-version":[{"id":10154,"href":"https:\/\/www.iteanu.law\/en\/wp-json\/wp\/v2\/posts\/10152\/revisions\/10154"}],"wp:featuredmedia":[{"embeddable":true,"href":"https:\/\/www.iteanu.law\/en\/wp-json\/wp\/v2\/media\/10153"}],"wp:attachment":[{"href":"https:\/\/www.iteanu.law\/en\/wp-json\/wp\/v2\/media?parent=10152"}],"wp:term":[{"taxonomy":"category","embeddable":true,"href":"https:\/\/www.iteanu.law\/en\/wp-json\/wp\/v2\/categories?post=10152"},{"taxonomy":"post_tag","embeddable":true,"href":"https:\/\/www.iteanu.law\/en\/wp-json\/wp\/v2\/tags?post=10152"}],"curies":[{"name":"wp","href":"https:\/\/api.w.org\/{rel}","templated":true}]}}