{"id":1005,"date":"2017-06-28T17:15:20","date_gmt":"2017-06-28T15:15:20","guid":{"rendered":"https:\/\/www.iteanu.law\/?p=1005"},"modified":"2018-03-12T10:37:53","modified_gmt":"2018-03-12T09:37:53","slug":"telerama-google-mis-a-lamende-commission-europeenne-cest-etre-tournant-28-06-2017","status":"publish","type":"post","link":"https:\/\/www.iteanu.law\/en\/telerama-google-mis-a-lamende-commission-europeenne-cest-etre-tournant-28-06-2017\/","title":{"rendered":"T\u00e9l\u00e9rama : Google mis \u00e0 l&#8217;amende par la Commission europ\u00e9enne : &#8220;C&#8217;est peut-\u00eatre un tournant&#8221; &#8211; 28\/06\/2017"},"content":{"rendered":"<p>L&#8217;Union europ\u00e9enne a annonc\u00e9 hier la condamnation de Google \u00e0 une amende de 2,42 milliards d\u2019euros. En cause, le comparateur de prix du groupe am\u00e9ricain, qui a, selon l\u2019Union Europ\u00e9enne, abus\u00e9 de sa position dominante. D\u00e9cryptage avec Olivier Iteanu, avocat \u00e0 la Cour d&#8217;appel de Paris.<\/p>\n<p><a href=\"http:\/\/www.telerama.fr\/medias\/google-mis-a-l-amende-par-la-commission-europeenne-c-est-peut-etre-un-tournant,160179.php\" target=\"_blank\" rel=\"noopener\">Lire la suite<\/a><\/p>","protected":false},"excerpt":{"rendered":"<p>L&#8217;Union europ\u00e9enne a annonc\u00e9 hier la condamnation de Google \u00e0 une amende de 2,42 milliards d\u2019euros. En cause, le comparateur de prix du groupe am\u00e9ricain, qui a, selon l\u2019Union Europ\u00e9enne, abus\u00e9 de sa position dominante. D\u00e9cryptage avec Olivier Iteanu, avocat \u00e0 la Cour d&#8217;appel de Paris.<\/p>\n","protected":false},"author":3,"featured_media":933,"comment_status":"closed","ping_status":"closed","sticky":false,"template":"","format":"standard","meta":{"footnotes":""},"categories":[12],"tags":[],"class_list":["post-1005","post","type-post","status-publish","format-standard","has-post-thumbnail","hentry","category-revue-de-presse"],"acf":[],"_links":{"self":[{"href":"https:\/\/www.iteanu.law\/en\/wp-json\/wp\/v2\/posts\/1005","targetHints":{"allow":["GET"]}}],"collection":[{"href":"https:\/\/www.iteanu.law\/en\/wp-json\/wp\/v2\/posts"}],"about":[{"href":"https:\/\/www.iteanu.law\/en\/wp-json\/wp\/v2\/types\/post"}],"author":[{"embeddable":true,"href":"https:\/\/www.iteanu.law\/en\/wp-json\/wp\/v2\/users\/3"}],"replies":[{"embeddable":true,"href":"https:\/\/www.iteanu.law\/en\/wp-json\/wp\/v2\/comments?post=1005"}],"version-history":[{"count":2,"href":"https:\/\/www.iteanu.law\/en\/wp-json\/wp\/v2\/posts\/1005\/revisions"}],"predecessor-version":[{"id":1059,"href":"https:\/\/www.iteanu.law\/en\/wp-json\/wp\/v2\/posts\/1005\/revisions\/1059"}],"wp:featuredmedia":[{"embeddable":true,"href":"https:\/\/www.iteanu.law\/en\/wp-json\/wp\/v2\/media\/933"}],"wp:attachment":[{"href":"https:\/\/www.iteanu.law\/en\/wp-json\/wp\/v2\/media?parent=1005"}],"wp:term":[{"taxonomy":"category","embeddable":true,"href":"https:\/\/www.iteanu.law\/en\/wp-json\/wp\/v2\/categories?post=1005"},{"taxonomy":"post_tag","embeddable":true,"href":"https:\/\/www.iteanu.law\/en\/wp-json\/wp\/v2\/tags?post=1005"}],"curies":[{"name":"wp","href":"https:\/\/api.w.org\/{rel}","templated":true}]}}